{"id":1284,"date":"2023-05-29T12:08:08","date_gmt":"2023-05-29T12:08:08","guid":{"rendered":"https:\/\/netiquetteproject.eu\/?p=1284"},"modified":"2023-05-31T08:04:16","modified_gmt":"2023-05-31T08:04:16","slug":"netiquette-v-kostce","status":"publish","type":"post","link":"https:\/\/www.netiquetteproject.eu\/cs\/netiquette-v-kostce\/","title":{"rendered":"NETIQUETTE+ V KOSTCE"},"content":{"rendered":"<p><span style=\"font-weight: 400\">C\u00edlem projektu NETIQUETTE+ je podpo\u0159it vzd\u011blavatele dosp\u011bl\u00fdch p\u0159i za\u010dle\u0148ov\u00e1n\u00ed a p\u0159ed\u00e1v\u00e1n\u00ed relevantn\u00edch znalost\u00ed a dovednost\u00ed v oblasti netikety a podpo\u0159it pov\u011bdom\u00ed, znalosti a\u00a0dovednosti dosp\u011bl\u00fdch s n\u00edzkou kvalifikac\u00ed a dosp\u011bl\u00fdch student\u016f, aby se mohli kriticky, v\u011bdom\u011b a zodpov\u011bdn\u011b zapojit do digit\u00e1ln\u00ed spole\u010dnosti.\u00a0<\/span><\/p>\n<p><span style=\"font-weight: 400\">V tomto sm\u011bru budeme v projektu NETIQUETTE+ poskytovat inovativn\u00ed a vysoce kvalitn\u00ed v\u00fdsledky, ve kter\u00fdch se budeme zab\u00fdvat kl\u00ed\u010dovou rol\u00ed, ji\u017e hraje netiketa v ka\u017edodenn\u00edm \u017eivot\u011b dosp\u011bl\u00fdch student\u016f, ve vzd\u011bl\u00e1vac\u00edm prost\u0159ed\u00ed a na pracovi\u0161ti.\u00a0<\/span><\/p>\n<h1><b>OSOBN\u00cd SETK\u00c1N\u00cd<\/b><\/h1>\n<p><span style=\"font-weight: 400\">P\u0159edstavitel\u00e9 konsorcia NETIQUETTE+ se se\u0161li 20. a 21. z\u00e1\u0159\u00ed 2022. Z\u00e1stupci dev\u00edti partnersk\u00fdch organizac\u00ed z \u010cesk\u00e9 republiky, Portugalska, N\u011bmecka, Kypru, \u0158ecka, Belgie, \u0160pan\u011blska, Francie a Turecka se se\u0161li, aby projednali sv\u00e9 prvn\u00ed kroky a za\u010dali pl\u00e1novat svou pr\u00e1ci. B\u011bhem setk\u00e1n\u00ed m\u011bli partne\u0159i projektu p\u0159\u00edle\u017eitost prodiskutovat p\u0159\u00edpravu kompeten\u010dn\u00edho r\u00e1mce a napl\u00e1novat podrobnosti n\u00e1sledn\u00e9ho v\u00fdstupu projektu. Stanovili z\u00e1klad pro projektov\u00e9 \u010dinnosti na v\u0161ech \u00farovn\u00edch (\u0159\u00edzen\u00ed projektu, finance, diseminaci a\u00a0zaji\u0161t\u011bn\u00ed kvality).<\/span><\/p>\n<p><img loading=\"lazy\" decoding=\"async\" class=\"alignnone size-medium wp-image-1255\" src=\"https:\/\/netiquetteproject.eu\/wp-content\/uploads\/2023\/05\/unnamed-1-300x225.jpg\" alt=\"\" width=\"300\" height=\"225\" srcset=\"https:\/\/www.netiquetteproject.eu\/wp-content\/uploads\/2023\/05\/unnamed-1-300x225.jpg 300w, https:\/\/www.netiquetteproject.eu\/wp-content\/uploads\/2023\/05\/unnamed-1.jpg 512w\" sizes=\"auto, (max-width: 300px) 100vw, 300px\" \/><\/p>\n<h1><b>NETIQUETTE+ R\u00c1MEC KOMPETENC\u00cd<\/b><\/h1>\n<p><span style=\"font-weight: 400\">V\u00a0r\u00e1mci konsorcia NETIQUETTE+ jsme vytvo\u0159ili r\u00e1mec kompetenc\u00ed, ve kter\u00e9m jsou definov\u00e1ny znalosti, dovednosti a postoje, je\u017e jsou pro c\u00edlov\u00e9 skupiny v z\u00fa\u010dastn\u011bn\u00fdch zem\u00edch nejd\u016fle\u017eit\u011bj\u0161\u00ed. O\u010dek\u00e1van\u00fd dopad tohoto v\u00fdstupu vypl\u00fdv\u00e1 ze skute\u010dnosti, \u017ee jeho n\u00e1vrh postav\u00edme na skute\u010dn\u00fdch vzd\u011bl\u00e1vac\u00edch pot\u0159eb\u00e1ch a zohledn\u00edme z\u00e1jmy odborn\u00edk\u016f, kritickou reflexi a poznatky o tom, jak mohou dosp\u011bl\u00ed \u00fa\u010dastn\u00edci vzd\u011bl\u00e1v\u00e1n\u00ed pozitivn\u011b, odpov\u011bdn\u011b a eticky vyu\u017e\u00edvat digit\u00e1ln\u00ed technologie v\u00a0ka\u017edodenn\u00edm \u017eivot\u011b, ve vzd\u011bl\u00e1vac\u00edm prost\u0159ed\u00ed a na pracovi\u0161ti. D\u00edky vyu\u017eit\u00ed pr\u016f\u0159ezov\u00fdch prvk\u016f a\u00a0inovac\u00ed m\u00e1 kompeten\u010dn\u00ed r\u00e1mec vysok\u00fd potenci\u00e1l p\u0159enositelnosti.<\/span><\/p>\n<p><span style=\"font-weight: 400\">Vypad\u00e1 to nad\u011bjn\u011b!<\/span><\/p>\n<h1><b>CO CHYST\u00c1ME?<\/b><\/h1>\n<ul>\n<li style=\"font-weight: 400\"><span style=\"font-weight: 400\">Netiquette+ MOOC a didaktick\u00e1 p\u0159\u00edru\u010dka v roce 2023;<\/span><\/li>\n<li style=\"font-weight: 400\"><span style=\"font-weight: 400\">Netiquette+ vzd\u011bl\u00e1vac\u00ed hub a digit\u00e1ln\u00ed zdroje v\u00a0roce 2023.<\/span><\/li>\n<\/ul>\n","protected":false},"excerpt":{"rendered":"<p>C\u00edlem projektu NETIQUETTE+ je podpo\u0159it vzd\u011blavatele dosp\u011bl\u00fdch p\u0159i za\u010dle\u0148ov\u00e1n\u00ed a p\u0159ed\u00e1v\u00e1n\u00ed relevantn\u00edch znalost\u00ed a dovednost\u00ed v oblasti netikety a podpo\u0159it pov\u011bdom\u00ed, znalosti a\u00a0dovednosti dosp\u011bl\u00fdch s..<\/p>\n","protected":false},"author":2,"featured_media":1247,"comment_status":"closed","ping_status":"open","sticky":false,"template":"","format":"standard","meta":{"_acf_changed":false,"inline_featured_image":false,"footnotes":""},"categories":[42],"tags":[],"class_list":["post-1284","post","type-post","status-publish","format-standard","has-post-thumbnail","hentry","category-novinky"],"acf":[],"_links":{"self":[{"href":"https:\/\/www.netiquetteproject.eu\/cs\/wp-json\/wp\/v2\/posts\/1284","targetHints":{"allow":["GET"]}}],"collection":[{"href":"https:\/\/www.netiquetteproject.eu\/cs\/wp-json\/wp\/v2\/posts"}],"about":[{"href":"https:\/\/www.netiquetteproject.eu\/cs\/wp-json\/wp\/v2\/types\/post"}],"author":[{"embeddable":true,"href":"https:\/\/www.netiquetteproject.eu\/cs\/wp-json\/wp\/v2\/users\/2"}],"replies":[{"embeddable":true,"href":"https:\/\/www.netiquetteproject.eu\/cs\/wp-json\/wp\/v2\/comments?post=1284"}],"version-history":[{"count":1,"href":"https:\/\/www.netiquetteproject.eu\/cs\/wp-json\/wp\/v2\/posts\/1284\/revisions"}],"predecessor-version":[{"id":1285,"href":"https:\/\/www.netiquetteproject.eu\/cs\/wp-json\/wp\/v2\/posts\/1284\/revisions\/1285"}],"wp:featuredmedia":[{"embeddable":true,"href":"https:\/\/www.netiquetteproject.eu\/cs\/wp-json\/wp\/v2\/media\/1247"}],"wp:attachment":[{"href":"https:\/\/www.netiquetteproject.eu\/cs\/wp-json\/wp\/v2\/media?parent=1284"}],"wp:term":[{"taxonomy":"category","embeddable":true,"href":"https:\/\/www.netiquetteproject.eu\/cs\/wp-json\/wp\/v2\/categories?post=1284"},{"taxonomy":"post_tag","embeddable":true,"href":"https:\/\/www.netiquetteproject.eu\/cs\/wp-json\/wp\/v2\/tags?post=1284"}],"curies":[{"name":"wp","href":"https:\/\/api.w.org\/{rel}","templated":true}]}}