{"id":1305,"date":"2023-05-31T08:03:30","date_gmt":"2023-05-31T08:03:30","guid":{"rendered":"https:\/\/netiquetteproject.eu\/?p=1305"},"modified":"2023-05-31T08:03:30","modified_gmt":"2023-05-31T08:03:30","slug":"projekt-netiketa","status":"publish","type":"post","link":"https:\/\/www.netiquetteproject.eu\/cs\/projekt-netiketa\/","title":{"rendered":"PROJEKT NETIKETA+"},"content":{"rendered":"<p><span style=\"font-weight: 400\">C\u00edlem projektu NETIKETA+ je pomoci vzd\u011blavatel\u016fm dosp\u011bl\u00fdch za\u010dlenit<\/span> <span style=\"font-weight: 400\">relevantn\u00ed znalosti a\u00a0dovednosti z oblasti netikety do jejich vzd\u011bl\u00e1vac\u00edch program\u016f. Dosp\u011bl\u00ed s\u00a0n\u00edzkou kvalifikac\u00ed a\u00a0dosp\u011bl\u00ed studenti tak z\u00edskaj\u00ed pov\u011bdom\u00ed o\u00a0problematice netikety. D\u00edky t\u011bmto znalostem<\/span> <span style=\"font-weight: 400\">a\u00a0dovednostem se pak l\u00e9pe kriticky, v\u011bdom\u011b a\u00a0zodpov\u011bdn\u011b zapoj\u00ed<\/span> <span style=\"font-weight: 400\">do digit\u00e1ln\u00ed spole\u010dnosti.<\/span><\/p>\n<p><span style=\"font-weight: 400\">17. \u00fanora 2023 se se\u0161li z\u00e1stupci konsorcia v\u00a0\u0159eck\u00fdch At\u00e9n\u00e1ch. Z\u00e1stupci dev\u00edti partnersk\u00fdch organizac\u00ed z \u010cesk\u00e9 republiky, Portugalska, N\u011bmecka, Kypru, \u0158ecka, Belgie, \u0160pan\u011blska, Francie a Turecka se se\u0161li, aby projednali dal\u0161\u00ed kroky realizace projektu. B\u011bhem setk\u00e1n\u00ed partne\u0159i projektu prodiskutovali tvorbu MOOC a didaktick\u00e9 p\u0159\u00edru\u010dky a napl\u00e1novali dal\u0161\u00ed kroky realizace. Na setk\u00e1n\u00ed prob\u00edrali i \u0159\u00edzen\u00ed projektu, financov\u00e1n\u00ed, \u0161\u00ed\u0159en\u00ed a zaji\u0161t\u011bn\u00ed kvality v\u00fdstup\u016f.<\/span><\/p>\n<p><b>OSOBN\u00cd SETK\u00c1N\u00cd v\u00a0At\u00e9n\u00e1ch v\u00a0\u0158ecku<\/b><\/p>\n<p><b>0nline kurz a didaktick\u00e1 p\u0159\u00edru\u010dka NETIKETA+<\/b><\/p>\n<p><span style=\"font-weight: 400\">V\u00a0r\u00e1mci konsorcia NETIKETA+ p\u0159ipravujeme MOOC a Didaktickou p\u0159\u00edru\u010dku, ve kter\u00e9 nab\u00eddneme flexibiln\u00ed vzd\u011bl\u00e1vac\u00ed cestu pro dosp\u011bl\u00e9 ve vzd\u011bl\u00e1v\u00e1n\u00ed a podpo\u0159\u00edme tak vzd\u011blavatele dosp\u011bl\u00fdch, aby je l\u00e9pe vedli v cel\u00e9m procesu etick\u00e9ho, konstruktivn\u00edho a kritick\u00e9ho zapojen\u00ed do digit\u00e1ln\u00edho sv\u011bta. <\/span><span style=\"font-weight: 400\">V\u00fdsledek brzy zp\u0159\u00edstupn\u00edme na str\u00e1nk\u00e1ch<\/span> <span style=\"font-weight: 400\">Netikety + Learning hub and Digital Resources.<\/span><\/p>\n<p><b>CO N\u00c1S \u010cEK\u00c1 D\u00c1L?\u00a0<\/b><\/p>\n<p><span style=\"font-weight: 400\">Pr\u00e1v\u011b vytv\u00e1\u0159\u00edme online kurz a didaktickou p\u0159\u00edru\u010dku. V\u00edce na FB a na\u0161em webu.<\/span><\/p>\n","protected":false},"excerpt":{"rendered":"<p>C\u00edlem projektu NETIKETA+ je pomoci vzd\u011blavatel\u016fm dosp\u011bl\u00fdch za\u010dlenit relevantn\u00ed znalosti a\u00a0dovednosti z oblasti netikety do jejich vzd\u011bl\u00e1vac\u00edch program\u016f. Dosp\u011bl\u00ed s\u00a0n\u00edzkou kvalifikac\u00ed a\u00a0dosp\u011bl\u00ed studenti tak z\u00edskaj\u00ed..<\/p>\n","protected":false},"author":2,"featured_media":1266,"comment_status":"closed","ping_status":"open","sticky":false,"template":"","format":"standard","meta":{"_acf_changed":false,"inline_featured_image":false,"footnotes":""},"categories":[42],"tags":[],"class_list":["post-1305","post","type-post","status-publish","format-standard","has-post-thumbnail","hentry","category-novinky"],"acf":[],"_links":{"self":[{"href":"https:\/\/www.netiquetteproject.eu\/cs\/wp-json\/wp\/v2\/posts\/1305","targetHints":{"allow":["GET"]}}],"collection":[{"href":"https:\/\/www.netiquetteproject.eu\/cs\/wp-json\/wp\/v2\/posts"}],"about":[{"href":"https:\/\/www.netiquetteproject.eu\/cs\/wp-json\/wp\/v2\/types\/post"}],"author":[{"embeddable":true,"href":"https:\/\/www.netiquetteproject.eu\/cs\/wp-json\/wp\/v2\/users\/2"}],"replies":[{"embeddable":true,"href":"https:\/\/www.netiquetteproject.eu\/cs\/wp-json\/wp\/v2\/comments?post=1305"}],"version-history":[{"count":1,"href":"https:\/\/www.netiquetteproject.eu\/cs\/wp-json\/wp\/v2\/posts\/1305\/revisions"}],"predecessor-version":[{"id":1306,"href":"https:\/\/www.netiquetteproject.eu\/cs\/wp-json\/wp\/v2\/posts\/1305\/revisions\/1306"}],"wp:featuredmedia":[{"embeddable":true,"href":"https:\/\/www.netiquetteproject.eu\/cs\/wp-json\/wp\/v2\/media\/1266"}],"wp:attachment":[{"href":"https:\/\/www.netiquetteproject.eu\/cs\/wp-json\/wp\/v2\/media?parent=1305"}],"wp:term":[{"taxonomy":"category","embeddable":true,"href":"https:\/\/www.netiquetteproject.eu\/cs\/wp-json\/wp\/v2\/categories?post=1305"},{"taxonomy":"post_tag","embeddable":true,"href":"https:\/\/www.netiquetteproject.eu\/cs\/wp-json\/wp\/v2\/tags?post=1305"}],"curies":[{"name":"wp","href":"https:\/\/api.w.org\/{rel}","templated":true}]}}