{"id":1293,"date":"2023-05-29T12:13:01","date_gmt":"2023-05-29T12:13:01","guid":{"rendered":"https:\/\/netiquetteproject.eu\/?p=1293"},"modified":"2023-05-29T12:13:01","modified_gmt":"2023-05-29T12:13:01","slug":"la-etiqueta-de-la-red-en-un-vistazo","status":"publish","type":"post","link":"https:\/\/www.netiquetteproject.eu\/es\/la-etiqueta-de-la-red-en-un-vistazo\/","title":{"rendered":"LA ETIQUETA DE LA RED+ EN UN VISTAZO"},"content":{"rendered":"<p>El proyecto NETIQUETTE+ tiene como objetivo apoyar a los educadores de adultos en la incorporaci\u00f3n y transferencia de conocimientos y habilidades relevantes sobre la netiqueta, fomentando la concienciaci\u00f3n, los conocimientos y las habilidades de los adultos poco<br \/>\ncualificados para participar en la sociedad digital de forma cr\u00edtica, consciente y responsable. En esta direcci\u00f3n, NETIQUETTE+ proporcionar\u00e1 resultados innovadores y de alta calidad para abordar el papel clave que desempe\u00f1a la netiqueta en la vida cotidiana de los estudiantes adultos, en los entornos educativos y en el lugar de trabajo.<\/p>\n<p>REUNI\u00d3N CARA A CARA<\/p>\n<p>El consorcio NETIQUETTE+ se reuni\u00f3 los d\u00edas 20 y 21 de septiembre de 2022. Los representantes de las nueve organizaciones asociadas de la Rep\u00fablica Checa, Portugal, Alemania, Chipre, Grecia, B\u00e9lgica, Espa\u00f1a, Francia y Turqu\u00eda se reunieron para discutir los pasos iniciales y comenzar a planificar su trabajo. Durante la reuni\u00f3n, los socios del proyecto tuvieron la oportunidad de discutir la etapa de desarrollo del Marco de Competencias y planificar los detalles del siguiente resultado. Sentaron las bases para la iniciativa de las actividades del proyecto a todos los niveles (gesti\u00f3n del proyecto, finanzas, difusi\u00f3n y garant\u00eda de calidad).<\/p>\n<p><img loading=\"lazy\" decoding=\"async\" class=\"alignnone size-medium wp-image-1260\" src=\"https:\/\/netiquetteproject.eu\/wp-content\/uploads\/2023\/05\/unnamed-1-300x225.jpg\" alt=\"\" width=\"300\" height=\"225\" srcset=\"https:\/\/www.netiquetteproject.eu\/wp-content\/uploads\/2023\/05\/unnamed-1-300x225.jpg 300w, https:\/\/www.netiquetteproject.eu\/wp-content\/uploads\/2023\/05\/unnamed-1.jpg 512w\" sizes=\"auto, (max-width: 300px) 100vw, 300px\" \/><\/p>\n<p>MARCO DE COMPETENCIAS DE NETIQUETTE+<\/p>\n<p>El consorcio NETIQUETTE+ ha desarrollado un marco de competencias que define los conocimientos, habilidades y actitudes m\u00e1s relevantes para los grupos objetivo de los pa\u00edses participantes. El impacto esperado de este resultado se deriva del hecho de que su dise\u00f1o se basar\u00e1 en las necesidades reales de formaci\u00f3n y tendr\u00e1 en cuenta las preocupaciones de los expertos, la reflexi\u00f3n cr\u00edtica y las ideas sobre c\u00f3mo los estudiantes adultos pueden hacer un uso positivo, responsable y \u00e9tico de las tecnolog\u00edas digitales en su vida cotidiana, en los entornos educativos y en el lugar de trabajo. Por sus elementos transversales y su innovaci\u00f3n, el marco de competencias tiene<br \/>\nun alto potencial de transferencia. Las cosas parecen brillar.<\/p>\n<p>\u00bfQU\u00c9 SE AVECINA?<br \/>\n\u25cf Netiquette+ MOOC y manual did\u00e1ctico en 2023<br \/>\n\u25cf Netiquette+ Centro de aprendizaje y recursos digitales en 2023<\/p>\n","protected":false},"excerpt":{"rendered":"<p>El proyecto NETIQUETTE+ tiene como objetivo apoyar a los educadores de adultos en la incorporaci\u00f3n y transferencia de conocimientos y habilidades relevantes sobre la netiqueta,..<\/p>\n","protected":false},"author":2,"featured_media":1252,"comment_status":"closed","ping_status":"open","sticky":false,"template":"","format":"standard","meta":{"_acf_changed":false,"inline_featured_image":false,"footnotes":""},"categories":[40],"tags":[],"class_list":["post-1293","post","type-post","status-publish","format-standard","has-post-thumbnail","hentry","category-noticias-es"],"acf":[],"_links":{"self":[{"href":"https:\/\/www.netiquetteproject.eu\/es\/wp-json\/wp\/v2\/posts\/1293","targetHints":{"allow":["GET"]}}],"collection":[{"href":"https:\/\/www.netiquetteproject.eu\/es\/wp-json\/wp\/v2\/posts"}],"about":[{"href":"https:\/\/www.netiquetteproject.eu\/es\/wp-json\/wp\/v2\/types\/post"}],"author":[{"embeddable":true,"href":"https:\/\/www.netiquetteproject.eu\/es\/wp-json\/wp\/v2\/users\/2"}],"replies":[{"embeddable":true,"href":"https:\/\/www.netiquetteproject.eu\/es\/wp-json\/wp\/v2\/comments?post=1293"}],"version-history":[{"count":1,"href":"https:\/\/www.netiquetteproject.eu\/es\/wp-json\/wp\/v2\/posts\/1293\/revisions"}],"predecessor-version":[{"id":1294,"href":"https:\/\/www.netiquetteproject.eu\/es\/wp-json\/wp\/v2\/posts\/1293\/revisions\/1294"}],"wp:featuredmedia":[{"embeddable":true,"href":"https:\/\/www.netiquetteproject.eu\/es\/wp-json\/wp\/v2\/media\/1252"}],"wp:attachment":[{"href":"https:\/\/www.netiquetteproject.eu\/es\/wp-json\/wp\/v2\/media?parent=1293"}],"wp:term":[{"taxonomy":"category","embeddable":true,"href":"https:\/\/www.netiquetteproject.eu\/es\/wp-json\/wp\/v2\/categories?post=1293"},{"taxonomy":"post_tag","embeddable":true,"href":"https:\/\/www.netiquetteproject.eu\/es\/wp-json\/wp\/v2\/tags?post=1293"}],"curies":[{"name":"wp","href":"https:\/\/api.w.org\/{rel}","templated":true}]}}