{"id":1431,"date":"2023-12-19T13:33:14","date_gmt":"2023-12-19T13:33:14","guid":{"rendered":"https:\/\/netiquetteproject.eu\/?p=1431"},"modified":"2023-12-19T13:33:14","modified_gmt":"2023-12-19T13:33:14","slug":"conferencia-final-y-reunion-de-socios-transnacionales-en-praga-republica-checa","status":"publish","type":"post","link":"https:\/\/www.netiquetteproject.eu\/es\/conferencia-final-y-reunion-de-socios-transnacionales-en-praga-republica-checa\/","title":{"rendered":"Conferencia final y reuni\u00f3n de socios transnacionales en Praga (Rep\u00fablica Checa)"},"content":{"rendered":"<p><span style=\"font-weight: 400\">El consorcio Netiquette+ se reuni\u00f3 los d\u00edas 29 y 30 de noviembre de 2023 en Praga (Rep\u00fablica Checa). Representantes de las nueve organizaciones asociadas de la Rep\u00fablica Checa, Portugal, Alemania, Chipre, Grecia, B\u00e9lgica, Espa\u00f1a, Francia y Turqu\u00eda se reunieron para debatir los \u00faltimos pasos del proyecto. Durante la reuni\u00f3n, los socios del proyecto tuvieron la oportunidad de debatir la fase final de los resultados. Sentaron las bases de las actividades del proyecto a todos los niveles (gesti\u00f3n del proyecto, finanzas, difusi\u00f3n y garant\u00eda de calidad).<\/span><\/p>\n<p><span style=\"font-weight: 400\">La conferencia de clausura del proyecto Netiquette+, celebrada en la encantadora ciudad de Praga, fue un \u00e9xito rotundo. El acto, que reuni\u00f3 a participantes, educadores y partes interesadas de diversos rincones de Europa, sirvi\u00f3 de plataforma para desvelar y mostrar los impactantes resultados de nuestros esfuerzos de colaboraci\u00f3n. El pintoresco tel\u00f3n de fondo de Praga a\u00f1adi\u00f3 una capa extra de inspiraci\u00f3n a las presentaciones, en las que se celebr\u00f3 la culminaci\u00f3n de meses de duro trabajo e intercambio intercultural. Los asistentes tuvieron la oportunidad de comprobar de primera mano los resultados tangibles del proyecto Netiquette+. La conferencia no s\u00f3lo puso de relieve los logros del proyecto, sino que tambi\u00e9n foment\u00f3 un sentimiento de comunidad y un compromiso compartido de colaboraci\u00f3n continua, garantizando que las repercusiones positivas sigan resonando m\u00e1s all\u00e1 de las fronteras y los paisajes educativos.<\/span><\/p>\n<p><img loading=\"lazy\" decoding=\"async\" class=\"alignnone size-medium wp-image-1394\" src=\"https:\/\/netiquetteproject.eu\/wp-content\/uploads\/2023\/12\/net-2-300x200.jpg\" alt=\"\" width=\"300\" height=\"200\" srcset=\"https:\/\/www.netiquetteproject.eu\/wp-content\/uploads\/2023\/12\/net-2-300x200.jpg 300w, https:\/\/www.netiquetteproject.eu\/wp-content\/uploads\/2023\/12\/net-2.jpg 512w\" sizes=\"auto, (max-width: 300px) 100vw, 300px\" \/><\/p>\n<p><img loading=\"lazy\" decoding=\"async\" class=\"alignnone size-medium wp-image-1402\" src=\"https:\/\/netiquetteproject.eu\/wp-content\/uploads\/2023\/12\/net-3-300x200.jpg\" alt=\"\" width=\"300\" height=\"200\" srcset=\"https:\/\/www.netiquetteproject.eu\/wp-content\/uploads\/2023\/12\/net-3-300x200.jpg 300w, https:\/\/www.netiquetteproject.eu\/wp-content\/uploads\/2023\/12\/net-3.jpg 512w\" sizes=\"auto, (max-width: 300px) 100vw, 300px\" \/><\/p>\n<p><img loading=\"lazy\" decoding=\"async\" class=\"alignnone size-medium wp-image-1410\" src=\"https:\/\/netiquetteproject.eu\/wp-content\/uploads\/2023\/12\/net-4-225x300.jpg\" alt=\"\" width=\"225\" height=\"300\" srcset=\"https:\/\/www.netiquetteproject.eu\/wp-content\/uploads\/2023\/12\/net-4-225x300.jpg 225w, https:\/\/www.netiquetteproject.eu\/wp-content\/uploads\/2023\/12\/net-4.jpg 384w\" sizes=\"auto, (max-width: 225px) 100vw, 225px\" \/><\/p>\n","protected":false},"excerpt":{"rendered":"<p>El consorcio Netiquette+ se reuni\u00f3 los d\u00edas 29 y 30 de noviembre de 2023 en Praga (Rep\u00fablica Checa). Representantes de las nueve organizaciones asociadas de..<\/p>\n","protected":false},"author":2,"featured_media":1386,"comment_status":"closed","ping_status":"open","sticky":false,"template":"","format":"standard","meta":{"_acf_changed":false,"inline_featured_image":false,"footnotes":""},"categories":[40],"tags":[],"class_list":["post-1431","post","type-post","status-publish","format-standard","has-post-thumbnail","hentry","category-noticias-es"],"acf":[],"_links":{"self":[{"href":"https:\/\/www.netiquetteproject.eu\/es\/wp-json\/wp\/v2\/posts\/1431","targetHints":{"allow":["GET"]}}],"collection":[{"href":"https:\/\/www.netiquetteproject.eu\/es\/wp-json\/wp\/v2\/posts"}],"about":[{"href":"https:\/\/www.netiquetteproject.eu\/es\/wp-json\/wp\/v2\/types\/post"}],"author":[{"embeddable":true,"href":"https:\/\/www.netiquetteproject.eu\/es\/wp-json\/wp\/v2\/users\/2"}],"replies":[{"embeddable":true,"href":"https:\/\/www.netiquetteproject.eu\/es\/wp-json\/wp\/v2\/comments?post=1431"}],"version-history":[{"count":1,"href":"https:\/\/www.netiquetteproject.eu\/es\/wp-json\/wp\/v2\/posts\/1431\/revisions"}],"predecessor-version":[{"id":1432,"href":"https:\/\/www.netiquetteproject.eu\/es\/wp-json\/wp\/v2\/posts\/1431\/revisions\/1432"}],"wp:featuredmedia":[{"embeddable":true,"href":"https:\/\/www.netiquetteproject.eu\/es\/wp-json\/wp\/v2\/media\/1386"}],"wp:attachment":[{"href":"https:\/\/www.netiquetteproject.eu\/es\/wp-json\/wp\/v2\/media?parent=1431"}],"wp:term":[{"taxonomy":"category","embeddable":true,"href":"https:\/\/www.netiquetteproject.eu\/es\/wp-json\/wp\/v2\/categories?post=1431"},{"taxonomy":"post_tag","embeddable":true,"href":"https:\/\/www.netiquetteproject.eu\/es\/wp-json\/wp\/v2\/tags?post=1431"}],"curies":[{"name":"wp","href":"https:\/\/api.w.org\/{rel}","templated":true}]}}