{"id":1441,"date":"2023-12-19T13:38:42","date_gmt":"2023-12-19T13:38:42","guid":{"rendered":"https:\/\/netiquetteproject.eu\/?p=1441"},"modified":"2023-12-19T13:38:42","modified_gmt":"2023-12-19T13:38:42","slug":"centre-dapprentissage-et-ressources-numeriques","status":"publish","type":"post","link":"https:\/\/www.netiquetteproject.eu\/fr\/centre-dapprentissage-et-ressources-numeriques\/","title":{"rendered":"Centre d&rsquo;apprentissage et ressources num\u00e9riques"},"content":{"rendered":"<p><span style=\"font-weight: 400\">Dans le paysage en \u00e9volution rapide de la communication num\u00e9rique et des progr\u00e8s technologiques, le projet Netiquette+ est apparu comme un phare d&rsquo;innovation et d&rsquo;importance strat\u00e9gique en phase avec les priorit\u00e9s europ\u00e9ennes. Avec pour mission cibl\u00e9e d&rsquo;aborder le r\u00f4le essentiel de la n\u00e9tiquette dans la vie quotidienne des apprenants adultes, des milieux \u00e9ducatifs et des lieux de travail, le projet vise \u00e0 fournir des r\u00e9sultats tangibles et de haute qualit\u00e9 aux organisations participantes. Alors que la communaut\u00e9 internationale est aux prises avec les cons\u00e9quences de la pand\u00e9mie de COVID-19, le projet Netiquette+ occupe le devant de la sc\u00e8ne en r\u00e9pondant aux besoins communs et aux probl\u00e8mes difficiles exacerb\u00e9s par la crise dans les pays participants. La pand\u00e9mie a mis en \u00e9vidence le r\u00f4le central de l&rsquo;\u00e9ducation des adultes et de l&rsquo;apprentissage tout au long de la vie, en particulier pour favoriser la pr\u00e9paration au num\u00e9rique, un aspect crucial pour relever les d\u00e9fis et saisir les opportunit\u00e9s offertes par la transformation num\u00e9rique.<\/span><\/p>\n<p><span style=\"font-weight: 400\">Dans ce contexte, le projet N\u00e9tiquette+ poursuit un double objectif : premi\u00e8rement, doter les organisations participantes de r\u00e9sultats tangibles qui aident les \u00e9ducateurs d&rsquo;adultes \u00e0 int\u00e9grer les connaissances et les comp\u00e9tences en mati\u00e8re de n\u00e9tiquette ; et deuxi\u00e8mement, donner aux adultes peu qualifi\u00e9s et aux apprenants adultes la sensibilisation, les connaissances et les comp\u00e9tences n\u00e9cessaires pour s&rsquo;engager de mani\u00e8re critique, consciente et responsable dans la soci\u00e9t\u00e9 num\u00e9rique. Cette approche \u00e0 deux volets refl\u00e8te une compr\u00e9hension globale du paysage num\u00e9rique contemporain, reconnaissant \u00e0 la fois les besoins des \u00e9ducateurs et les d\u00e9fis auxquels sont confront\u00e9s les apprenants adultes. En plongeant dans le c\u0153ur du projet N\u00e9tiquette+, il devient \u00e9vident que ses objectifs sont non seulement opportuns, mais aussi imp\u00e9ratifs pour construire une base d&rsquo;inclusion et de comp\u00e9tence num\u00e9riques dans notre soci\u00e9t\u00e9 en constante \u00e9volution.<\/span><\/p>\n<h2><b>Centre d&rsquo;apprentissage et ressources num\u00e9riques<\/b><\/h2>\n<p><span style=\"font-weight: 400\">L&rsquo;objectif est de d\u00e9velopper un centre d&rsquo;apprentissage en ligne sur mesure, multilingue et interactif afin de fournir un acc\u00e8s gratuit et convivial \u00e0 l&rsquo;ensemble des supports du projet.\u00a0<\/span><\/p>\n<p><span style=\"font-weight: 400\">Vous pouvez acc\u00e9der \u00e0 tout le mat\u00e9riel du projet N\u00e9tiquette+ via ce <\/span><a href=\"https:\/\/www.elearning.netiquetteproject.eu\/\" target=\"_blank\" rel=\"noopener\"><b>lien <\/b><\/a><span style=\"font-weight: 400\">!<\/span><\/p>\n","protected":false},"excerpt":{"rendered":"<p>Dans le paysage en \u00e9volution rapide de la communication num\u00e9rique et des progr\u00e8s technologiques, le projet Netiquette+ est apparu comme un phare d&rsquo;innovation et d&rsquo;importance..<\/p>\n","protected":false},"author":2,"featured_media":907,"comment_status":"closed","ping_status":"open","sticky":false,"template":"","format":"standard","meta":{"_acf_changed":false,"inline_featured_image":false,"footnotes":""},"categories":[37],"tags":[],"class_list":["post-1441","post","type-post","status-publish","format-standard","has-post-thumbnail","hentry","category-nouvelles"],"acf":[],"_links":{"self":[{"href":"https:\/\/www.netiquetteproject.eu\/fr\/wp-json\/wp\/v2\/posts\/1441","targetHints":{"allow":["GET"]}}],"collection":[{"href":"https:\/\/www.netiquetteproject.eu\/fr\/wp-json\/wp\/v2\/posts"}],"about":[{"href":"https:\/\/www.netiquetteproject.eu\/fr\/wp-json\/wp\/v2\/types\/post"}],"author":[{"embeddable":true,"href":"https:\/\/www.netiquetteproject.eu\/fr\/wp-json\/wp\/v2\/users\/2"}],"replies":[{"embeddable":true,"href":"https:\/\/www.netiquetteproject.eu\/fr\/wp-json\/wp\/v2\/comments?post=1441"}],"version-history":[{"count":1,"href":"https:\/\/www.netiquetteproject.eu\/fr\/wp-json\/wp\/v2\/posts\/1441\/revisions"}],"predecessor-version":[{"id":1442,"href":"https:\/\/www.netiquetteproject.eu\/fr\/wp-json\/wp\/v2\/posts\/1441\/revisions\/1442"}],"wp:featuredmedia":[{"embeddable":true,"href":"https:\/\/www.netiquetteproject.eu\/fr\/wp-json\/wp\/v2\/media\/907"}],"wp:attachment":[{"href":"https:\/\/www.netiquetteproject.eu\/fr\/wp-json\/wp\/v2\/media?parent=1441"}],"wp:term":[{"taxonomy":"category","embeddable":true,"href":"https:\/\/www.netiquetteproject.eu\/fr\/wp-json\/wp\/v2\/categories?post=1441"},{"taxonomy":"post_tag","embeddable":true,"href":"https:\/\/www.netiquetteproject.eu\/fr\/wp-json\/wp\/v2\/tags?post=1441"}],"curies":[{"name":"wp","href":"https:\/\/api.w.org\/{rel}","templated":true}]}}