{"id":1296,"date":"2023-05-29T12:15:14","date_gmt":"2023-05-29T12:15:14","guid":{"rendered":"https:\/\/netiquetteproject.eu\/?p=1296"},"modified":"2023-05-29T12:15:14","modified_gmt":"2023-05-29T12:15:14","slug":"netiquette-num-relance","status":"publish","type":"post","link":"https:\/\/www.netiquetteproject.eu\/pt-pt\/netiquette-num-relance\/","title":{"rendered":"NETIQUETTE+ NUM RELANCE"},"content":{"rendered":"<p>O projeto Netiquette+ visa apoiar os formadores na integra\u00e7\u00e3o e na transfer\u00eancia de conhecimentos e de aptid\u00f5es relevantes de netiqueta, fomentando a consci\u00eancia dos adultos com baixas qualifica\u00e7\u00f5es para participarem na sociedade digital de forma cr\u00edtica, consciente e respons\u00e1vel. Neste sentido, o Netiquette+ proporcionar\u00e1 resultados inovadores e de elevada qualidade para abordar o papel-chave desempenhado pela netiqueta no dia-a-dia dos formandos, no contexto formativo e no local de trabalho.<\/p>\n<p>REUNI\u00c3O PRESENCIAL<\/p>\n<p>O cons\u00f3rcio Netiquette+ reuniu nos dias 20 e 21 de setembro de 2022. Representantes das nove organiza\u00e7\u00f5es parceiras de Portugal, Alemanha, B\u00e9lgica, Chipre, Espanha, Gr\u00e9cia, Fran\u00e7a, Rep\u00fablica Checa e Turquia reuniram para discutir os primeiros passos e planear as a\u00e7\u00f5es seguintes. Durante a reuni\u00e3o, os parceiros tiveram a oportunidade de discutir a fase de desenvolvimento do Netiquette+<br \/>\nQuadro de Compet\u00eancias e planear os detalhes dos restantes resultados. Foram preparados os passos para a programa\u00e7\u00e3o das atividades a todos os n\u00edveis (gest\u00e3o de projeto, finan\u00e7as, divulga\u00e7\u00e3o e garantia de qualidade).<\/p>\n<p><img loading=\"lazy\" decoding=\"async\" class=\"alignnone size-medium wp-image-1259\" src=\"https:\/\/netiquetteproject.eu\/wp-content\/uploads\/2023\/05\/unnamed-1-300x225.jpg\" alt=\"\" width=\"300\" height=\"225\" srcset=\"https:\/\/www.netiquetteproject.eu\/wp-content\/uploads\/2023\/05\/unnamed-1-300x225.jpg 300w, https:\/\/www.netiquetteproject.eu\/wp-content\/uploads\/2023\/05\/unnamed-1.jpg 512w\" sizes=\"auto, (max-width: 300px) 100vw, 300px\" \/><\/p>\n<p>Netiquette+ Quadro de compet\u00eancias<\/p>\n<p>O cons\u00f3rcio Netiquette+ desenvolveu um quadro de compet\u00eancias, que define os conhecimentos, aptid\u00f5es e atitudes mais relevantes para o grupo-alvo dos pa\u00edses participantes. Espera-se que o impacte deste resultado seja muito positivo, j\u00e1 que foi constru\u00eddo tendo como base as reais necessidades de forma\u00e7\u00e3o, identificadas por especialistas. Realizou-se tamb\u00e9m uma reflex\u00e3o cr\u00edtica sobre como os formandos podem utilizar as tecnologias digitais de forma positiva, respons\u00e1vel e \u00e9tica, no seu dia-a-dia, tanto em ambientes formativos, como no local de trabalho. Pelos seus elementos transversais e inova\u00e7\u00e3o, o quadro de compet\u00eancias tem um elevado potencial de transferibilidade.<\/p>\n<p>O QUE VAMOS FAZER A SEGUIR?<br \/>\n\u25cf Netiquette+ Plataforma MOOC e Manual did\u00e1tico (2023)<br \/>\n\u25cf Netiquette+ Centro de aprendizagem e Recursos digitais (2023)<\/p>\n","protected":false},"excerpt":{"rendered":"<p>O projeto Netiquette+ visa apoiar os formadores na integra\u00e7\u00e3o e na transfer\u00eancia de conhecimentos e de aptid\u00f5es relevantes de netiqueta, fomentando a consci\u00eancia dos adultos..<\/p>\n","protected":false},"author":2,"featured_media":1251,"comment_status":"closed","ping_status":"open","sticky":false,"template":"","format":"standard","meta":{"_acf_changed":false,"inline_featured_image":false,"footnotes":""},"categories":[39],"tags":[],"class_list":["post-1296","post","type-post","status-publish","format-standard","has-post-thumbnail","hentry","category-noticias"],"acf":[],"_links":{"self":[{"href":"https:\/\/www.netiquetteproject.eu\/pt-pt\/wp-json\/wp\/v2\/posts\/1296","targetHints":{"allow":["GET"]}}],"collection":[{"href":"https:\/\/www.netiquetteproject.eu\/pt-pt\/wp-json\/wp\/v2\/posts"}],"about":[{"href":"https:\/\/www.netiquetteproject.eu\/pt-pt\/wp-json\/wp\/v2\/types\/post"}],"author":[{"embeddable":true,"href":"https:\/\/www.netiquetteproject.eu\/pt-pt\/wp-json\/wp\/v2\/users\/2"}],"replies":[{"embeddable":true,"href":"https:\/\/www.netiquetteproject.eu\/pt-pt\/wp-json\/wp\/v2\/comments?post=1296"}],"version-history":[{"count":1,"href":"https:\/\/www.netiquetteproject.eu\/pt-pt\/wp-json\/wp\/v2\/posts\/1296\/revisions"}],"predecessor-version":[{"id":1297,"href":"https:\/\/www.netiquetteproject.eu\/pt-pt\/wp-json\/wp\/v2\/posts\/1296\/revisions\/1297"}],"wp:featuredmedia":[{"embeddable":true,"href":"https:\/\/www.netiquetteproject.eu\/pt-pt\/wp-json\/wp\/v2\/media\/1251"}],"wp:attachment":[{"href":"https:\/\/www.netiquetteproject.eu\/pt-pt\/wp-json\/wp\/v2\/media?parent=1296"}],"wp:term":[{"taxonomy":"category","embeddable":true,"href":"https:\/\/www.netiquetteproject.eu\/pt-pt\/wp-json\/wp\/v2\/categories?post=1296"},{"taxonomy":"post_tag","embeddable":true,"href":"https:\/\/www.netiquetteproject.eu\/pt-pt\/wp-json\/wp\/v2\/tags?post=1296"}],"curies":[{"name":"wp","href":"https:\/\/api.w.org\/{rel}","templated":true}]}}